{"id":1785,"date":"2025-10-30T20:55:47","date_gmt":"2025-10-30T20:55:47","guid":{"rendered":"https:\/\/parrocchiaaprica.it\/?p=1785"},"modified":"2025-10-30T21:12:20","modified_gmt":"2025-10-30T21:12:20","slug":"pellegrinaggio-a-roma-per-la-canonizzazionedi-santa-maria-benvenuta-troncatti","status":"publish","type":"post","link":"https:\/\/parrocchiaaprica.it\/?p=1785","title":{"rendered":"Pellegrinaggio a Roma per la canonizzazione di Santa Maria Benvenuta Troncatti"},"content":{"rendered":"\n<figure class=\"wp-block-image size-large\"><img data-recalc-dims=\"1\" loading=\"lazy\" decoding=\"async\" width=\"960\" height=\"720\" src=\"https:\/\/i0.wp.com\/parrocchiaaprica.it\/wp-content\/uploads\/2025\/10\/WhatsApp-Image-2025-10-27-at-23.58.32.jpeg?resize=960%2C720&#038;ssl=1\" alt=\"\" class=\"wp-image-1786\" srcset=\"https:\/\/i0.wp.com\/parrocchiaaprica.it\/wp-content\/uploads\/2025\/10\/WhatsApp-Image-2025-10-27-at-23.58.32.jpeg?resize=1024%2C768&amp;ssl=1 1024w, https:\/\/i0.wp.com\/parrocchiaaprica.it\/wp-content\/uploads\/2025\/10\/WhatsApp-Image-2025-10-27-at-23.58.32.jpeg?resize=300%2C225&amp;ssl=1 300w, https:\/\/i0.wp.com\/parrocchiaaprica.it\/wp-content\/uploads\/2025\/10\/WhatsApp-Image-2025-10-27-at-23.58.32.jpeg?resize=768%2C576&amp;ssl=1 768w, https:\/\/i0.wp.com\/parrocchiaaprica.it\/wp-content\/uploads\/2025\/10\/WhatsApp-Image-2025-10-27-at-23.58.32.jpeg?resize=1536%2C1152&amp;ssl=1 1536w, https:\/\/i0.wp.com\/parrocchiaaprica.it\/wp-content\/uploads\/2025\/10\/WhatsApp-Image-2025-10-27-at-23.58.32.jpeg?resize=1320%2C990&amp;ssl=1 1320w, https:\/\/i0.wp.com\/parrocchiaaprica.it\/wp-content\/uploads\/2025\/10\/WhatsApp-Image-2025-10-27-at-23.58.32.jpeg?w=1600&amp;ssl=1 1600w\" sizes=\"auto, (max-width: 960px) 100vw, 960px\" \/><\/figure>\n\n\n\n<p>Ricorrer\u00e0 a breve la Solennit\u00e0 di Tutti i Santi e la Commemorazione dei defunti, e per vivere con maggiore intensit\u00e0 questi momenti cos\u00ec importanti della vita cristiana, condividiamo con tutti voi le emozioni, i sentimenti, e soprattutto, la gratitudine a Dio, vissuti durante il pellegrinaggio a Roma per la canonizzazione di <strong>Sr Maria Troncatti<\/strong>. Siamo partiti da Aprica alle 05.30 di sabato mattina per unirci ai numerosi pellegrini di Corteno, paese nat\u00eco della Santa, chi ha viaggiato in pullman, chi in treno, chi in auto e persino in bici. Da subito abbiamo condiviso momenti di ilarit\u00e0 e di gioia, momenti di sentita preghiera condotti da <strong>don Mauro<\/strong> e <strong>don Lino<\/strong>.<\/p>\n\n\n\n<figure class=\"wp-block-image size-large\"><img data-recalc-dims=\"1\" loading=\"lazy\" decoding=\"async\" width=\"960\" height=\"443\" src=\"https:\/\/i0.wp.com\/parrocchiaaprica.it\/wp-content\/uploads\/2025\/10\/WhatsApp-Image-2025-10-27-at-23.58.33.jpeg?resize=960%2C443&#038;ssl=1\" alt=\"\" class=\"wp-image-1787\" srcset=\"https:\/\/i0.wp.com\/parrocchiaaprica.it\/wp-content\/uploads\/2025\/10\/WhatsApp-Image-2025-10-27-at-23.58.33.jpeg?resize=1024%2C472&amp;ssl=1 1024w, https:\/\/i0.wp.com\/parrocchiaaprica.it\/wp-content\/uploads\/2025\/10\/WhatsApp-Image-2025-10-27-at-23.58.33.jpeg?resize=300%2C138&amp;ssl=1 300w, https:\/\/i0.wp.com\/parrocchiaaprica.it\/wp-content\/uploads\/2025\/10\/WhatsApp-Image-2025-10-27-at-23.58.33.jpeg?resize=768%2C354&amp;ssl=1 768w, https:\/\/i0.wp.com\/parrocchiaaprica.it\/wp-content\/uploads\/2025\/10\/WhatsApp-Image-2025-10-27-at-23.58.33.jpeg?resize=1536%2C708&amp;ssl=1 1536w, https:\/\/i0.wp.com\/parrocchiaaprica.it\/wp-content\/uploads\/2025\/10\/WhatsApp-Image-2025-10-27-at-23.58.33.jpeg?resize=1320%2C609&amp;ssl=1 1320w, https:\/\/i0.wp.com\/parrocchiaaprica.it\/wp-content\/uploads\/2025\/10\/WhatsApp-Image-2025-10-27-at-23.58.33.jpeg?w=1600&amp;ssl=1 1600w\" sizes=\"auto, (max-width: 960px) 100vw, 960px\" \/><\/figure>\n\n\n\n<p>Arrivati a Roma, subito il passaggio della Porta Santa, poi visita alla tomba di Papa Francesco e alla Basilica di S. Maria Maggiore e infine passeggiata nei dintorni e rientro negli alloggi. All\u2019indomani, di buon mattino, eravamo gi\u00e0 in Piazza S. Pietro, circa settantamila fedeli, provenienti da tutto il mondo, presenti alla Canonizzazione di <strong>Bartolo Longo<\/strong> (apostolo del Rosario, fondatore del Santuario della Madonna di Pompei), <strong>Peter To Rot<\/strong> (un semplice catechista, primo santo della Papua Nuova Guinea), <strong>Sr Maria Troncatti <\/strong>(missionaria salesiana<br>in Ecuador), <strong>Sr Vincenza Maria Poloni<\/strong> (missionaria), <strong>Jos\u00e9 Gregorio Hernandez<\/strong> (medico dei poveri, venezuelano), <strong>Sr Maria del Monte Carmelo Rendiles Martinez<\/strong> (religiosa venezuelana) e <strong>Ignazio Choukrallah Maloyan<\/strong> (martire per Dio). Tutti santi per aver donato la propria vita al servizio degli altri, esempi luminosi di fede, di riconciliazione e di speranza, veri testimoni dell\u2019amore di Cristo.<\/p>\n\n\n\n<figure class=\"wp-block-image size-large\"><img data-recalc-dims=\"1\" loading=\"lazy\" decoding=\"async\" width=\"960\" height=\"720\" src=\"https:\/\/i0.wp.com\/parrocchiaaprica.it\/wp-content\/uploads\/2025\/10\/WhatsApp-Image-2025-10-27-at-23.58.32-4.jpeg?resize=960%2C720&#038;ssl=1\" alt=\"\" class=\"wp-image-1788\" srcset=\"https:\/\/i0.wp.com\/parrocchiaaprica.it\/wp-content\/uploads\/2025\/10\/WhatsApp-Image-2025-10-27-at-23.58.32-4.jpeg?resize=1024%2C768&amp;ssl=1 1024w, https:\/\/i0.wp.com\/parrocchiaaprica.it\/wp-content\/uploads\/2025\/10\/WhatsApp-Image-2025-10-27-at-23.58.32-4.jpeg?resize=300%2C225&amp;ssl=1 300w, https:\/\/i0.wp.com\/parrocchiaaprica.it\/wp-content\/uploads\/2025\/10\/WhatsApp-Image-2025-10-27-at-23.58.32-4.jpeg?resize=768%2C576&amp;ssl=1 768w, https:\/\/i0.wp.com\/parrocchiaaprica.it\/wp-content\/uploads\/2025\/10\/WhatsApp-Image-2025-10-27-at-23.58.32-4.jpeg?resize=1536%2C1152&amp;ssl=1 1536w, https:\/\/i0.wp.com\/parrocchiaaprica.it\/wp-content\/uploads\/2025\/10\/WhatsApp-Image-2025-10-27-at-23.58.32-4.jpeg?resize=1320%2C990&amp;ssl=1 1320w, https:\/\/i0.wp.com\/parrocchiaaprica.it\/wp-content\/uploads\/2025\/10\/WhatsApp-Image-2025-10-27-at-23.58.32-4.jpeg?w=1600&amp;ssl=1 1600w\" sizes=\"auto, (max-width: 960px) 100vw, 960px\" \/><\/figure>\n\n\n<div class=\"wp-block-image\">\n<figure class=\"alignright size-large is-resized\"><img data-recalc-dims=\"1\" loading=\"lazy\" decoding=\"async\" width=\"960\" height=\"1279\" src=\"https:\/\/i0.wp.com\/parrocchiaaprica.it\/wp-content\/uploads\/2025\/10\/WhatsApp-Image-2025-10-27-at-23.58.32-1-1-edited.jpeg?resize=960%2C1279&#038;ssl=1\" alt=\"\" class=\"wp-image-1802\" style=\"width:422px;height:auto\" srcset=\"https:\/\/i0.wp.com\/parrocchiaaprica.it\/wp-content\/uploads\/2025\/10\/WhatsApp-Image-2025-10-27-at-23.58.32-1-1-edited.jpeg?w=1175&amp;ssl=1 1175w, https:\/\/i0.wp.com\/parrocchiaaprica.it\/wp-content\/uploads\/2025\/10\/WhatsApp-Image-2025-10-27-at-23.58.32-1-1-edited.jpeg?resize=225%2C300&amp;ssl=1 225w, https:\/\/i0.wp.com\/parrocchiaaprica.it\/wp-content\/uploads\/2025\/10\/WhatsApp-Image-2025-10-27-at-23.58.32-1-1-edited.jpeg?resize=768%2C1024&amp;ssl=1 768w, https:\/\/i0.wp.com\/parrocchiaaprica.it\/wp-content\/uploads\/2025\/10\/WhatsApp-Image-2025-10-27-at-23.58.32-1-1-edited.jpeg?resize=1152%2C1536&amp;ssl=1 1152w\" sizes=\"auto, (max-width: 960px) 100vw, 960px\" \/><\/figure>\n<\/div>\n\n<div class=\"wp-block-image\">\n<figure class=\"alignleft size-full is-resized\"><img data-recalc-dims=\"1\" loading=\"lazy\" decoding=\"async\" width=\"960\" height=\"1441\" src=\"https:\/\/i0.wp.com\/parrocchiaaprica.it\/wp-content\/uploads\/2025\/10\/WhatsApp-Image-2025-10-28-at-12.48.10.jpeg?resize=960%2C1441&#038;ssl=1\" alt=\"\" class=\"wp-image-1801\" style=\"width:374px;height:auto\" srcset=\"https:\/\/i0.wp.com\/parrocchiaaprica.it\/wp-content\/uploads\/2025\/10\/WhatsApp-Image-2025-10-28-at-12.48.10.jpeg?w=1066&amp;ssl=1 1066w, https:\/\/i0.wp.com\/parrocchiaaprica.it\/wp-content\/uploads\/2025\/10\/WhatsApp-Image-2025-10-28-at-12.48.10.jpeg?resize=200%2C300&amp;ssl=1 200w, https:\/\/i0.wp.com\/parrocchiaaprica.it\/wp-content\/uploads\/2025\/10\/WhatsApp-Image-2025-10-28-at-12.48.10.jpeg?resize=682%2C1024&amp;ssl=1 682w, https:\/\/i0.wp.com\/parrocchiaaprica.it\/wp-content\/uploads\/2025\/10\/WhatsApp-Image-2025-10-28-at-12.48.10.jpeg?resize=768%2C1153&amp;ssl=1 768w, https:\/\/i0.wp.com\/parrocchiaaprica.it\/wp-content\/uploads\/2025\/10\/WhatsApp-Image-2025-10-28-at-12.48.10.jpeg?resize=1023%2C1536&amp;ssl=1 1023w\" sizes=\"auto, (max-width: 960px) 100vw, 960px\" \/><\/figure>\n<\/div>\n\n\n<p>Al pomeriggio abbiamo raggiunto la Casa Generalizia delle FMA: quale gioiosa e generosa accoglienza!<\/p>\n\n\n\n<figure class=\"wp-block-image size-large\"><img data-recalc-dims=\"1\" loading=\"lazy\" decoding=\"async\" width=\"960\" height=\"720\" src=\"https:\/\/i0.wp.com\/parrocchiaaprica.it\/wp-content\/uploads\/2025\/10\/WhatsApp-Image-2025-10-27-at-23.58.16.jpeg?resize=960%2C720&#038;ssl=1\" alt=\"\" class=\"wp-image-1792\" srcset=\"https:\/\/i0.wp.com\/parrocchiaaprica.it\/wp-content\/uploads\/2025\/10\/WhatsApp-Image-2025-10-27-at-23.58.16.jpeg?resize=1024%2C768&amp;ssl=1 1024w, https:\/\/i0.wp.com\/parrocchiaaprica.it\/wp-content\/uploads\/2025\/10\/WhatsApp-Image-2025-10-27-at-23.58.16.jpeg?resize=300%2C225&amp;ssl=1 300w, https:\/\/i0.wp.com\/parrocchiaaprica.it\/wp-content\/uploads\/2025\/10\/WhatsApp-Image-2025-10-27-at-23.58.16.jpeg?resize=768%2C576&amp;ssl=1 768w, https:\/\/i0.wp.com\/parrocchiaaprica.it\/wp-content\/uploads\/2025\/10\/WhatsApp-Image-2025-10-27-at-23.58.16.jpeg?resize=1536%2C1152&amp;ssl=1 1536w, https:\/\/i0.wp.com\/parrocchiaaprica.it\/wp-content\/uploads\/2025\/10\/WhatsApp-Image-2025-10-27-at-23.58.16.jpeg?resize=1320%2C990&amp;ssl=1 1320w, https:\/\/i0.wp.com\/parrocchiaaprica.it\/wp-content\/uploads\/2025\/10\/WhatsApp-Image-2025-10-27-at-23.58.16.jpeg?w=2048&amp;ssl=1 2048w, https:\/\/i0.wp.com\/parrocchiaaprica.it\/wp-content\/uploads\/2025\/10\/WhatsApp-Image-2025-10-27-at-23.58.16.jpeg?w=1920&amp;ssl=1 1920w\" sizes=\"auto, (max-width: 960px) 100vw, 960px\" \/><\/figure>\n\n\n<div class=\"wp-block-image\">\n<figure class=\"alignright size-large is-resized\"><img data-recalc-dims=\"1\" loading=\"lazy\" decoding=\"async\" width=\"768\" height=\"1024\" src=\"https:\/\/i0.wp.com\/parrocchiaaprica.it\/wp-content\/uploads\/2025\/10\/WhatsApp-Image-2025-10-27-at-23.58.15.jpeg?resize=768%2C1024&#038;ssl=1\" alt=\"\" class=\"wp-image-1789\" style=\"width:290px;height:auto\" srcset=\"https:\/\/i0.wp.com\/parrocchiaaprica.it\/wp-content\/uploads\/2025\/10\/WhatsApp-Image-2025-10-27-at-23.58.15.jpeg?resize=768%2C1024&amp;ssl=1 768w, https:\/\/i0.wp.com\/parrocchiaaprica.it\/wp-content\/uploads\/2025\/10\/WhatsApp-Image-2025-10-27-at-23.58.15.jpeg?resize=225%2C300&amp;ssl=1 225w, https:\/\/i0.wp.com\/parrocchiaaprica.it\/wp-content\/uploads\/2025\/10\/WhatsApp-Image-2025-10-27-at-23.58.15.jpeg?resize=1152%2C1536&amp;ssl=1 1152w, https:\/\/i0.wp.com\/parrocchiaaprica.it\/wp-content\/uploads\/2025\/10\/WhatsApp-Image-2025-10-27-at-23.58.15.jpeg?w=1200&amp;ssl=1 1200w\" sizes=\"auto, (max-width: 768px) 100vw, 768px\" \/><\/figure>\n<\/div>\n\n\n<p>L\u2019incontro con la Madre Generale Sr Chiara Cazzuola, poi con il Vescovo di Brescia Pierantonio Tremolada e a seguire la celebrazione dei Vespri in un clima di forte raccoglimento e ringraziamento al Signore; Santa Maria Troncatti \u00e8 la seconda santa delle Figlie di Maria Ausiliatrice, la prima Santa Maria Domenica Mazzarello fondatrice della congregazione stessa.<\/p>\n\n\n\n<p>Luned\u00ec mattina, sempre di buon\u2019ora, raggiungiamo il Vaticano e alle 12.00 in Aula Paolo VI, con altri gruppi, incontriamo Papa Leone, il quale sottolinea che nonostante storie, epoche e percorsi diversi, tutti i sette Santi dimostrano che \u201ccon la grazia di Dio hanno tenuto accesa la lampada della fede, anzi, sono diventati loro stessi lampade capaci di diffondere la luce di Cristo\u201d.<\/p>\n\n\n\n<figure class=\"wp-block-image size-large\"><img data-recalc-dims=\"1\" loading=\"lazy\" decoding=\"async\" width=\"960\" height=\"720\" src=\"https:\/\/i0.wp.com\/parrocchiaaprica.it\/wp-content\/uploads\/2025\/10\/WhatsApp-Image-2025-10-27-at-23.58.31.jpeg?resize=960%2C720&#038;ssl=1\" alt=\"\" class=\"wp-image-1793\" srcset=\"https:\/\/i0.wp.com\/parrocchiaaprica.it\/wp-content\/uploads\/2025\/10\/WhatsApp-Image-2025-10-27-at-23.58.31.jpeg?resize=1024%2C768&amp;ssl=1 1024w, https:\/\/i0.wp.com\/parrocchiaaprica.it\/wp-content\/uploads\/2025\/10\/WhatsApp-Image-2025-10-27-at-23.58.31.jpeg?resize=300%2C225&amp;ssl=1 300w, https:\/\/i0.wp.com\/parrocchiaaprica.it\/wp-content\/uploads\/2025\/10\/WhatsApp-Image-2025-10-27-at-23.58.31.jpeg?resize=768%2C576&amp;ssl=1 768w, https:\/\/i0.wp.com\/parrocchiaaprica.it\/wp-content\/uploads\/2025\/10\/WhatsApp-Image-2025-10-27-at-23.58.31.jpeg?resize=1536%2C1152&amp;ssl=1 1536w, https:\/\/i0.wp.com\/parrocchiaaprica.it\/wp-content\/uploads\/2025\/10\/WhatsApp-Image-2025-10-27-at-23.58.31.jpeg?resize=1320%2C990&amp;ssl=1 1320w, https:\/\/i0.wp.com\/parrocchiaaprica.it\/wp-content\/uploads\/2025\/10\/WhatsApp-Image-2025-10-27-at-23.58.31.jpeg?w=1600&amp;ssl=1 1600w\" sizes=\"auto, (max-width: 960px) 100vw, 960px\" \/><\/figure>\n\n\n\n<p>Papa Leone, raccomanda la preghiera del Rosario a tutti, ai sacerdoti, ai religiosi, alle famiglie, ai giovani. Nel salutarci, ha augurato a tutti di tornare nei propri Paesi con il cuore colmo di gratitudine e con l\u2019ardente desiderio di imitare i nuovi santi<\/p>\n\n\n\n<figure class=\"wp-block-image size-large\"><img data-recalc-dims=\"1\" loading=\"lazy\" decoding=\"async\" width=\"960\" height=\"433\" src=\"https:\/\/i0.wp.com\/parrocchiaaprica.it\/wp-content\/uploads\/2025\/10\/WhatsApp-Image-2025-10-27-at-23.58.31-1.jpeg?resize=960%2C433&#038;ssl=1\" alt=\"\" class=\"wp-image-1790\" srcset=\"https:\/\/i0.wp.com\/parrocchiaaprica.it\/wp-content\/uploads\/2025\/10\/WhatsApp-Image-2025-10-27-at-23.58.31-1.jpeg?resize=1024%2C462&amp;ssl=1 1024w, https:\/\/i0.wp.com\/parrocchiaaprica.it\/wp-content\/uploads\/2025\/10\/WhatsApp-Image-2025-10-27-at-23.58.31-1.jpeg?resize=300%2C135&amp;ssl=1 300w, https:\/\/i0.wp.com\/parrocchiaaprica.it\/wp-content\/uploads\/2025\/10\/WhatsApp-Image-2025-10-27-at-23.58.31-1.jpeg?resize=768%2C346&amp;ssl=1 768w, https:\/\/i0.wp.com\/parrocchiaaprica.it\/wp-content\/uploads\/2025\/10\/WhatsApp-Image-2025-10-27-at-23.58.31-1.jpeg?resize=1536%2C692&amp;ssl=1 1536w, https:\/\/i0.wp.com\/parrocchiaaprica.it\/wp-content\/uploads\/2025\/10\/WhatsApp-Image-2025-10-27-at-23.58.31-1.jpeg?resize=1320%2C595&amp;ssl=1 1320w, https:\/\/i0.wp.com\/parrocchiaaprica.it\/wp-content\/uploads\/2025\/10\/WhatsApp-Image-2025-10-27-at-23.58.31-1.jpeg?w=2048&amp;ssl=1 2048w, https:\/\/i0.wp.com\/parrocchiaaprica.it\/wp-content\/uploads\/2025\/10\/WhatsApp-Image-2025-10-27-at-23.58.31-1.jpeg?w=1920&amp;ssl=1 1920w\" sizes=\"auto, (max-width: 960px) 100vw, 960px\" \/><figcaption class=\"wp-element-caption\"><strong>Juw\u00e1 Bosco, appartenente all\u2019etnia Shuar, che \u00e8 stato miracolato per intercessione di Suor Maria.<\/strong><\/figcaption><\/figure>\n\n\n\n<p>Ed eccoci pronti per il rientro, un\u2019esperienza spirituale importante: il pellegrinaggio \u00e8 stato un\u2019occasione per celebrare la Santit\u00e0 di Dio e l\u2019esempio di vita dei Santi e anche per chiedere la loro intercessione nei momenti difficili e bui della vita.<\/p>\n\n\n\n<figure class=\"wp-block-image size-large\"><img data-recalc-dims=\"1\" loading=\"lazy\" decoding=\"async\" width=\"960\" height=\"432\" src=\"https:\/\/i0.wp.com\/parrocchiaaprica.it\/wp-content\/uploads\/2025\/10\/WhatsApp-Image-2025-10-27-at-23.58.33-3.jpeg?resize=960%2C432&#038;ssl=1\" alt=\"\" class=\"wp-image-1791\" srcset=\"https:\/\/i0.wp.com\/parrocchiaaprica.it\/wp-content\/uploads\/2025\/10\/WhatsApp-Image-2025-10-27-at-23.58.33-3.jpeg?resize=1024%2C461&amp;ssl=1 1024w, https:\/\/i0.wp.com\/parrocchiaaprica.it\/wp-content\/uploads\/2025\/10\/WhatsApp-Image-2025-10-27-at-23.58.33-3.jpeg?resize=300%2C135&amp;ssl=1 300w, https:\/\/i0.wp.com\/parrocchiaaprica.it\/wp-content\/uploads\/2025\/10\/WhatsApp-Image-2025-10-27-at-23.58.33-3.jpeg?resize=768%2C346&amp;ssl=1 768w, https:\/\/i0.wp.com\/parrocchiaaprica.it\/wp-content\/uploads\/2025\/10\/WhatsApp-Image-2025-10-27-at-23.58.33-3.jpeg?resize=1536%2C691&amp;ssl=1 1536w, https:\/\/i0.wp.com\/parrocchiaaprica.it\/wp-content\/uploads\/2025\/10\/WhatsApp-Image-2025-10-27-at-23.58.33-3.jpeg?resize=1320%2C594&amp;ssl=1 1320w, https:\/\/i0.wp.com\/parrocchiaaprica.it\/wp-content\/uploads\/2025\/10\/WhatsApp-Image-2025-10-27-at-23.58.33-3.jpeg?w=2000&amp;ssl=1 2000w, https:\/\/i0.wp.com\/parrocchiaaprica.it\/wp-content\/uploads\/2025\/10\/WhatsApp-Image-2025-10-27-at-23.58.33-3.jpeg?w=1920&amp;ssl=1 1920w\" sizes=\"auto, (max-width: 960px) 100vw, 960px\" \/><\/figure>\n\n\n\n<p>Incontrare altri credenti, condividere le proprie esperienze di fede, pregare e riflettere sulla vita e l\u2019esempio dei santi \u00e8 uno stimolo per impegnarci a vivere la quotidianit\u00e0. Il dono di un Santo \u00e8 grazia di Dio per l\u2019intera Chiesa!<br><strong>Evviva i Santi! Evviva Santa Maria Troncatti<\/strong><\/p>\n\n\n\n<p><\/p>\n","protected":false},"excerpt":{"rendered":"<p>Ricorrer\u00e0 a breve la Solennit\u00e0 di Tutti i Santi e la Commemorazione dei defunti, e per vivere con maggiore intensit\u00e0 questi momenti cos\u00ec importanti della vita cristiana, condividiamo con tutti voi le emozioni, i sentimenti, e soprattutto, la gratitudine a Dio, vissuti durante il pellegrinaggio a Roma per la canonizzazione di Sr Maria Troncatti. Siamo partiti da Aprica alle 05.30 di sabato mattina per unirci ai numerosi pellegrini di Corteno, paese nat\u00eco della Santa, chi ha viaggiato in pullman, chi in treno, chi in auto e persino in bici. Da subito abbiamo condiviso momenti di ilarit\u00e0 e di gioia, momenti di sentita preghiera condotti da don Mauro e don Lino. Arrivati a Roma, subito il passaggio della Porta Santa, poi visita alla tomba di Papa Francesco e alla Basilica di S. Maria Maggiore e infine passeggiata nei dintorni e rientro negli alloggi. All\u2019indomani, di buon mattino, eravamo gi\u00e0 in Piazza S. Pietro, circa settantamila fedeli, provenienti da tutto il mondo, presenti alla Canonizzazione di Bartolo Longo (apostolo del Rosario, fondatore del Santuario della Madonna di Pompei), Peter To Rot (un semplice catechista, primo santo della Papua Nuova Guinea), Sr Maria Troncatti (missionaria salesianain Ecuador), Sr Vincenza Maria Poloni (missionaria), Jos\u00e9 Gregorio Hernandez (medico dei poveri, venezuelano), Sr Maria del Monte Carmelo Rendiles Martinez (religiosa venezuelana) e Ignazio Choukrallah Maloyan (martire per Dio). Tutti santi per aver donato la propria vita al servizio degli altri, esempi luminosi di fede, di riconciliazione e di speranza, veri testimoni dell\u2019amore di Cristo. Al pomeriggio abbiamo raggiunto la Casa Generalizia delle FMA: quale gioiosa e generosa accoglienza! L\u2019incontro con la Madre Generale Sr Chiara Cazzuola, poi con il Vescovo di Brescia Pierantonio Tremolada e a seguire la celebrazione dei Vespri in un clima di forte raccoglimento e ringraziamento al Signore; Santa Maria Troncatti \u00e8 la seconda santa delle Figlie di Maria Ausiliatrice, la prima Santa Maria Domenica Mazzarello fondatrice della congregazione stessa. Luned\u00ec mattina, sempre di buon\u2019ora, raggiungiamo il Vaticano e alle 12.00 in Aula Paolo VI, con altri gruppi, incontriamo Papa Leone, il quale sottolinea che nonostante storie, epoche e percorsi diversi, tutti i sette Santi dimostrano che \u201ccon la grazia di Dio hanno tenuto accesa la lampada della fede, anzi, sono diventati loro stessi lampade capaci di diffondere la luce di Cristo\u201d. Papa Leone, raccomanda la preghiera del Rosario a tutti, ai sacerdoti, ai religiosi, alle famiglie, ai giovani. Nel salutarci, ha augurato a tutti di tornare nei propri Paesi con il cuore colmo di gratitudine e con l\u2019ardente desiderio di imitare i nuovi santi Ed eccoci pronti per il rientro, un\u2019esperienza spirituale importante: il pellegrinaggio \u00e8 stato un\u2019occasione per celebrare la Santit\u00e0 di Dio e l\u2019esempio di vita dei Santi e anche per chiedere la loro intercessione nei momenti difficili e bui della vita. Incontrare altri credenti, condividere le proprie esperienze di fede, pregare e riflettere sulla vita e l\u2019esempio dei santi \u00e8 uno stimolo per impegnarci a vivere la quotidianit\u00e0. Il dono di un Santo \u00e8 grazia di Dio per l\u2019intera Chiesa!Evviva i Santi! Evviva Santa Maria Troncatti<\/p>\n","protected":false},"author":1,"featured_media":0,"comment_status":"closed","ping_status":"closed","sticky":false,"template":"","format":"standard","meta":{"ngg_post_thumbnail":0,"_EventAllDay":false,"_EventTimezone":"","_EventStartDate":"","_EventEndDate":"","_EventStartDateUTC":"","_EventEndDateUTC":"","_EventShowMap":false,"_EventShowMapLink":false,"_EventURL":"","_EventCost":"","_EventCostDescription":"","_EventCurrencySymbol":"","_EventCurrencyCode":"","_EventCurrencyPosition":"","_EventDateTimeSeparator":"","_EventTimeRangeSeparator":"","_EventOrganizerID":[],"_EventVenueID":[],"_OrganizerEmail":"","_OrganizerPhone":"","_OrganizerWebsite":"","_VenueAddress":"","_VenueCity":"","_VenueCountry":"","_VenueProvince":"","_VenueState":"","_VenueZip":"","_VenuePhone":"","_VenueURL":"","_VenueStateProvince":"","_VenueLat":"","_VenueLng":"","_VenueShowMap":false,"_VenueShowMapLink":false,"_jetpack_memberships_contains_paid_content":false,"footnotes":""},"categories":[3],"tags":[],"class_list":["post-1785","post","type-post","status-publish","format-standard","hentry","category-news"],"jetpack_featured_media_url":"","jetpack_sharing_enabled":true,"publishpress_future_action":{"enabled":false,"date":"2026-05-05 18:59:06","action":"change-status","newStatus":"draft","terms":[],"taxonomy":"category","extraData":[]},"publishpress_future_workflow_manual_trigger":{"enabledWorkflows":[]},"_links":{"self":[{"href":"https:\/\/parrocchiaaprica.it\/index.php?rest_route=\/wp\/v2\/posts\/1785","targetHints":{"allow":["GET"]}}],"collection":[{"href":"https:\/\/parrocchiaaprica.it\/index.php?rest_route=\/wp\/v2\/posts"}],"about":[{"href":"https:\/\/parrocchiaaprica.it\/index.php?rest_route=\/wp\/v2\/types\/post"}],"author":[{"embeddable":true,"href":"https:\/\/parrocchiaaprica.it\/index.php?rest_route=\/wp\/v2\/users\/1"}],"replies":[{"embeddable":true,"href":"https:\/\/parrocchiaaprica.it\/index.php?rest_route=%2Fwp%2Fv2%2Fcomments&post=1785"}],"version-history":[{"count":4,"href":"https:\/\/parrocchiaaprica.it\/index.php?rest_route=\/wp\/v2\/posts\/1785\/revisions"}],"predecessor-version":[{"id":1804,"href":"https:\/\/parrocchiaaprica.it\/index.php?rest_route=\/wp\/v2\/posts\/1785\/revisions\/1804"}],"wp:attachment":[{"href":"https:\/\/parrocchiaaprica.it\/index.php?rest_route=%2Fwp%2Fv2%2Fmedia&parent=1785"}],"wp:term":[{"taxonomy":"category","embeddable":true,"href":"https:\/\/parrocchiaaprica.it\/index.php?rest_route=%2Fwp%2Fv2%2Fcategories&post=1785"},{"taxonomy":"post_tag","embeddable":true,"href":"https:\/\/parrocchiaaprica.it\/index.php?rest_route=%2Fwp%2Fv2%2Ftags&post=1785"}],"curies":[{"name":"wp","href":"https:\/\/api.w.org\/{rel}","templated":true}]}}