{"id":1708,"date":"2025-08-26T21:50:55","date_gmt":"2025-08-26T21:50:55","guid":{"rendered":"https:\/\/parrocchiaaprica.it\/?p=1708"},"modified":"2025-08-27T18:08:50","modified_gmt":"2025-08-27T18:08:50","slug":"celebrazione-del-25-agosto-nel-giorno-della-nascita-di-madre-maria-troncatti","status":"publish","type":"post","link":"https:\/\/parrocchiaaprica.it\/?p=1708","title":{"rendered":"Celebrazione del 25 Agosto nel Dies Natali di Madre Maria Troncatti."},"content":{"rendered":"\n<p>Si \u00e8 celebrata a Corteno Golgi, nell&#8217;ambito delle celebrazioni per la canonizzazione della Beata Maria Troncatti, una S. Messa officiata da sua Eminenza Cardinal Oscar Cantoni. Riportiamo la trascrizione dell&#8217;Omelia tenuta dal Cardinale.<\/p>\n\n\n\n<p class=\"has-text-color has-link-color wp-elements-78ad94e9b0572d276d84c5e5477d821e\" style=\"color:#2610f0\">\u2026un avvenimento che rende particolarmente bella e gioiosa la tradizione di questa Santa Chiesa di Brescia. Perch\u00e9 non ricordare con gioia, innanzitutto, Santa Gertrude Comensoli di Bienno? Poi le Sante Bartolomeo Capitanio e Vincenza Gerosa di Lovere e quindi il Beato Innocenzo da Berzo, la Beata Annunciata Lucchetti di Gemmo, i Beati Giuseppe e Mos\u00e8 Tovini di Cividate camuno. Quindi \u00e8 bello ricordare che da questa terra sono stati generati Santi e Beati<em>.<\/em><\/p>\n\n\n\n<p class=\"has-text-color has-link-color wp-elements-90012c39c731eeac155f285847bfa34d\" style=\"color:#2610f0\">Una terra felice, una terra feconda, arricchita di una tradizione ecclesiale nei secoli che ha portato a questi punti. \u00c8 bello che noi ricordiamo che i Santi sono presentati al popolo di Dio come maestri da ascoltare, come modelli di vita cristiana da imitare e quindi come potenti intercessori da invocare.<\/p>\n\n\n\n<p class=\"has-text-color has-link-color wp-elements-68dd7b6075149959d94b388596bcce32\" style=\"color:#2610f0\">Scegliete voi secondo i casi. Per\u00f2 \u00e8 bello che noi teniamo presente queste figure a cui aggrapparci soprattutto nei momenti di debolezza, di fragilit\u00e0 e di bisogno. Quindi alla ricca e preziosa testimonianza di questi Santi e Beati, frutto maturo di un popolo saldamente radicato dalla fede cristiana.<\/p>\n\n\n\n<p class=\"has-text-color has-link-color wp-elements-df55aa63b87b95d3a9f17e622be6ba07\" style=\"color:#2610f0\">La Chiesa tratter\u00e0 come Santa Maria Troncatti, il prossimo 19 ottobre, non a caso proprio nella giornata missionaria. L&#8217;espressione questa di una persona che veramente ha vissuto la missione e diventa un modello per tutti noi, noi tutti testimoni, discepoli, missionari. Quindi possiamo dire, giustamente, che Maria Troncatti viene riconosciuta come il fiore pi\u00f9 bello di questa comunit\u00e0 cristiana.<\/p>\n\n\n\n<p class=\"has-text-color has-link-color wp-elements-65a46bef70e60a544e7658d278143a71\" style=\"color:#2610f0\">Naturalmente frutto di una famiglia generosa, da cui ha preso parte la sua vocazione battesimale, innanzitutto, che poi si \u00e8 incarnata nella chiamata da consacrata.<\/p>\n\n\n\n<p class=\"has-text-color has-link-color wp-elements-74cdd03c2e3d1563cd0ee94844df3ea3\" style=\"color:#2610f0\">Le radici sante di una comunit\u00e0 cristiana sono il punto di partenza indispensabile, attraverso cui ogni battezzato pu\u00f2 crescere nella vita cristiana. E in particolare la famiglia si conferma ancora oggi come il luogo privilegiato, anche se non l\u2019unico, della trasmissione della fede.<\/p>\n\n\n\n<p class=\"has-text-color has-link-color wp-elements-6ac7b3efdef4db88704cf5faab187421\" style=\"color:#2610f0\">Essa si sviluppa attraverso la vita ordinaria e quanto si vive insieme, pi\u00f9 che attraverso tante parole o tanti ragionamenti. E ancora oggi la comunit\u00e0 cristiana \u00e8 chiamata a dei linguaggi e metodi adatti a iniziare alla vita cristiana quanti ricevono il battesimo.<\/p>\n\n\n\n<p class=\"has-text-color has-link-color wp-elements-f37364fbd604bec303acb9f982146cd5\" style=\"color:#2610f0\">La grande sfida che noi abbiamo \u00e8 come aiutare i battezzati a diventare cristiani. \u00c8 un grande punto interrogativo questo! Non solo per coloro che ricevono il battesimo da bambini, ma anche per coloro che possono giungere alla fede, spesso gi\u00e0 da adulti, perch\u00e9 sorpresi e ammirati da tanti esempi di carit\u00e0, umili e quotidiani, di quanti si impegnano a vivere secondo il Vangelo, amando il Signore Ges\u00f9, ma anche mettendosi, a nome suo, a servizio degli altri.<\/p>\n\n\n\n<p class=\"has-text-color has-link-color wp-elements-3874f156536906a92999219fffb8eb02\" style=\"color:#2610f0\">Quindi riconosciamo la comunit\u00e0 cristiana come luogo essenziale che custodisce le sorgenti indispensabili da cui tutti noi proveniamo. Una comunit\u00e0 alla quale aggiungiamo tutti vitalit\u00e0 e freschezza sempre nuova per poter elaborare il nostro concetto di vita che poi si tiene in discesa e si sviluppa dentro una particolare vocazione. Madre Troncatti, prossimamente dichiarata Santa, \u00e8 una grande e felice dono della Chiesa Universale.<\/p>\n\n\n\n<p class=\"has-text-color has-link-color wp-elements-b4156a3b8e9c61ea253b77d5ad9743fe\" style=\"color:#2610f0\">Per la congregazione delle Figlie e Compagnie Ausiliatrici, la comunit\u00e0 religiosa per la quale si \u00e8 sviluppata la sua personale vocazione, radicata nei luoghi in cui essa ha abitato, qui presso gli Indios Ecuadoregni, nella foresta amazzonica, seminando il Vangelo attraverso la tenerezza e la volont\u00e0 della sua persona. Alla scuola di Don Bosco si dimostr\u00f2 madre, a tal punto da essere poi chiamata, come sapete, con il titolo confidenziale di Madrecita. Questa parrocchia, dove essa \u00e8 nata e ha vissuto i primi passi della vita cristiana e che giustamente si onora per aver dato i natali a questa donna speciale, \u00e8 chiamata a sentirsi particolarmente impegnata, oggi, nella grande opera di evangelizzazione.<\/p>\n\n\n\n<p class=\"has-text-color has-link-color wp-elements-34b4dd9c8ae523bbcbef9e6267278cdb\" style=\"color:#2610f0\">Come dicevo prima, una grande vita vissuta in cui tutti noi battezzati siamo per\u00f2 responsabili. Quindi viviamo su radici sante, ma queste radici sante possono e devono produrre ancora oggi punti di santit\u00e0 per gli uomini della Chiesa e del mondo. Mi ha stupito il fatto che Madre Maria Troncatti, una volta riconosciuta la sua vocazione alla vita consacrata delle figlie di Maria Ausiliatrice, determinando il suo obiettivo apostolico, abbia lasciato definitivamente la sua terra, i suoi famigliari, la sua parrocchia e non vi abbia pi\u00f9 fatto ritorno.<\/p>\n\n\n\n<p class=\"has-text-color has-link-color wp-elements-10818d23ff29dc6f3caa2e2ede2b9666\" style=\"color:#2610f0\">Ha utilizzato la comunit\u00e0 cristiana di Corteno come il suo trampolino di lancio per la missione a cui il Signore l&#8217;ha destinata e a cui ella si \u00e8 dedicata con larghezza d&#8217;animo, con vivo amore cos\u00ec grande. \u00c8 un esempio molto eloquente da imitare da parte di chi collabora alla formazione delle ragazze, dei giovani, genitori, sacerdoti, suore, catechisti, educatori. In che senso? Ciascuno compie generosamente la sua parte, svolge con sapienza d&#8217;amore il suo compito educativo, poi diminuisce fino a scomparire.<\/p>\n\n\n\n<p class=\"has-text-color has-link-color wp-elements-0720a451928fb623b10eab657fd3184a\" style=\"color:#2610f0\">Emerge uno stilo per la forma attiva della grazia di Dio che si avvale nel tempo della collaborazione di ciascuno, ma \u00e8 niente, \u00e8 solo lo Spirito Santo il grande regista. Solo Dio guida e armonizza l&#8217;opera di bene a cui ciascuno ha preso parzialmente parte, cos\u00ec che nessuno possa vantarsene, o attribuirsene il merito. E mentre ringraziamo il Signore per averci donato, Madre Maria, possiamo invocare lei perch\u00e9 benedica questa terra, tutti i membri di questa comunit\u00e0 parrocchiale e le sorelle della sua Congregazione; perch\u00e9 lo Spirito del Signore non solo susciti generosi discepoli di Cristo, ma anche prepari delle risposte generose da parte dei singoli chiamati, affascinati dal Signore e chiamati a vivere missionariamente la fede cristiana, cos\u00ec che tutti si sentano oggetto dell&#8217;amore vero e appassionato di Dio.<\/p>\n\n\n\n<p class=\"has-text-color has-link-color wp-elements-fc93ae990afb80e094b6f3ab044ad6d6\" style=\"color:#2610f0\">E questo \u00e8 il motivo per cui ci siamo qui, per ricordare il passato e perch\u00e9 noi ci siamo qui e continuiamo a produrre per il bene della Chiesa e del mondo le nostre congregazioni, per essere un segno a servizio del mondo, cos\u00ec come la Chiesa \u00e8 a servizio del popolo, a servizio di tutti. Amen<\/p>\n\n\n\nngg_shortcode_0_placeholder\n","protected":false},"excerpt":{"rendered":"<p>Si \u00e8 celebrata a Corteno Golgi, nell&#8217;ambito delle celebrazioni per la canonizzazione della Beata Maria Troncatti, una S. Messa officiata da sua Eminenza Cardinal Oscar Cantoni. Riportiamo la trascrizione dell&#8217;Omelia tenuta dal Cardinale. \u2026un avvenimento che rende particolarmente bella e gioiosa la tradizione di questa Santa Chiesa di Brescia. Perch\u00e9 non ricordare con gioia, innanzitutto, Santa Gertrude Comensoli di Bienno? Poi le Sante Bartolomeo Capitanio e Vincenza Gerosa di Lovere e quindi il Beato Innocenzo da Berzo, la Beata Annunciata Lucchetti di Gemmo, i Beati Giuseppe e Mos\u00e8 Tovini di Cividate camuno. Quindi \u00e8 bello ricordare che da questa terra sono stati generati Santi e Beati. Una terra felice, una terra feconda, arricchita di una tradizione ecclesiale nei secoli che ha portato a questi punti. \u00c8 bello che noi ricordiamo che i Santi sono presentati al popolo di Dio come maestri da ascoltare, come modelli di vita cristiana da imitare e quindi come potenti intercessori da invocare. Scegliete voi secondo i casi. Per\u00f2 \u00e8 bello che noi teniamo presente queste figure a cui aggrapparci soprattutto nei momenti di debolezza, di fragilit\u00e0 e di bisogno. Quindi alla ricca e preziosa testimonianza di questi Santi e Beati, frutto maturo di un popolo saldamente radicato dalla fede cristiana. La Chiesa tratter\u00e0 come Santa Maria Troncatti, il prossimo 19 ottobre, non a caso proprio nella giornata missionaria. L&#8217;espressione questa di una persona che veramente ha vissuto la missione e diventa un modello per tutti noi, noi tutti testimoni, discepoli, missionari. Quindi possiamo dire, giustamente, che Maria Troncatti viene riconosciuta come il fiore pi\u00f9 bello di questa comunit\u00e0 cristiana. Naturalmente frutto di una famiglia generosa, da cui ha preso parte la sua vocazione battesimale, innanzitutto, che poi si \u00e8 incarnata nella chiamata da consacrata. Le radici sante di una comunit\u00e0 cristiana sono il punto di partenza indispensabile, attraverso cui ogni battezzato pu\u00f2 crescere nella vita cristiana. E in particolare la famiglia si conferma ancora oggi come il luogo privilegiato, anche se non l\u2019unico, della trasmissione della fede. Essa si sviluppa attraverso la vita ordinaria e quanto si vive insieme, pi\u00f9 che attraverso tante parole o tanti ragionamenti. E ancora oggi la comunit\u00e0 cristiana \u00e8 chiamata a dei linguaggi e metodi adatti a iniziare alla vita cristiana quanti ricevono il battesimo. La grande sfida che noi abbiamo \u00e8 come aiutare i battezzati a diventare cristiani. \u00c8 un grande punto interrogativo questo! Non solo per coloro che ricevono il battesimo da bambini, ma anche per coloro che possono giungere alla fede, spesso gi\u00e0 da adulti, perch\u00e9 sorpresi e ammirati da tanti esempi di carit\u00e0, umili e quotidiani, di quanti si impegnano a vivere secondo il Vangelo, amando il Signore Ges\u00f9, ma anche mettendosi, a nome suo, a servizio degli altri. Quindi riconosciamo la comunit\u00e0 cristiana come luogo essenziale che custodisce le sorgenti indispensabili da cui tutti noi proveniamo. Una comunit\u00e0 alla quale aggiungiamo tutti vitalit\u00e0 e freschezza sempre nuova per poter elaborare il nostro concetto di vita che poi si tiene in discesa e si sviluppa dentro una particolare vocazione. Madre Troncatti, prossimamente dichiarata Santa, \u00e8 una grande e felice dono della Chiesa Universale. Per la congregazione delle Figlie e Compagnie Ausiliatrici, la comunit\u00e0 religiosa per la quale si \u00e8 sviluppata la sua personale vocazione, radicata nei luoghi in cui essa ha abitato, qui presso gli Indios Ecuadoregni, nella foresta amazzonica, seminando il Vangelo attraverso la tenerezza e la volont\u00e0 della sua persona. Alla scuola di Don Bosco si dimostr\u00f2 madre, a tal punto da essere poi chiamata, come sapete, con il titolo confidenziale di Madrecita. Questa parrocchia, dove essa \u00e8 nata e ha vissuto i primi passi della vita cristiana e che giustamente si onora per aver dato i natali a questa donna speciale, \u00e8 chiamata a sentirsi particolarmente impegnata, oggi, nella grande opera di evangelizzazione. Come dicevo prima, una grande vita vissuta in cui tutti noi battezzati siamo per\u00f2 responsabili. Quindi viviamo su radici sante, ma queste radici sante possono e devono produrre ancora oggi punti di santit\u00e0 per gli uomini della Chiesa e del mondo. Mi ha stupito il fatto che Madre Maria Troncatti, una volta riconosciuta la sua vocazione alla vita consacrata delle figlie di Maria Ausiliatrice, determinando il suo obiettivo apostolico, abbia lasciato definitivamente la sua terra, i suoi famigliari, la sua parrocchia e non vi abbia pi\u00f9 fatto ritorno. Ha utilizzato la comunit\u00e0 cristiana di Corteno come il suo trampolino di lancio per la missione a cui il Signore l&#8217;ha destinata e a cui ella si \u00e8 dedicata con larghezza d&#8217;animo, con vivo amore cos\u00ec grande. \u00c8 un esempio molto eloquente da imitare da parte di chi collabora alla formazione delle ragazze, dei giovani, genitori, sacerdoti, suore, catechisti, educatori. In che senso? Ciascuno compie generosamente la sua parte, svolge con sapienza d&#8217;amore il suo compito educativo, poi diminuisce fino a scomparire. Emerge uno stilo per la forma attiva della grazia di Dio che si avvale nel tempo della collaborazione di ciascuno, ma \u00e8 niente, \u00e8 solo lo Spirito Santo il grande regista. Solo Dio guida e armonizza l&#8217;opera di bene a cui ciascuno ha preso parzialmente parte, cos\u00ec che nessuno possa vantarsene, o attribuirsene il merito. E mentre ringraziamo il Signore per averci donato, Madre Maria, possiamo invocare lei perch\u00e9 benedica questa terra, tutti i membri di questa comunit\u00e0 parrocchiale e le sorelle della sua Congregazione; perch\u00e9 lo Spirito del Signore non solo susciti generosi discepoli di Cristo, ma anche prepari delle risposte generose da parte dei singoli chiamati, affascinati dal Signore e chiamati a vivere missionariamente la fede cristiana, cos\u00ec che tutti si sentano oggetto dell&#8217;amore vero e appassionato di Dio. E questo \u00e8 il motivo per cui ci siamo qui, per ricordare il passato e perch\u00e9 noi ci siamo qui e continuiamo a produrre per il bene della Chiesa e del mondo le nostre congregazioni, per essere un segno a servizio del mondo, cos\u00ec come la Chiesa \u00e8 a servizio del popolo, a servizio di tutti. Amen<\/p>\n","protected":false},"author":1,"featured_media":0,"comment_status":"closed","ping_status":"closed","sticky":false,"template":"","format":"standard","meta":{"ngg_post_thumbnail":0,"_EventAllDay":false,"_EventTimezone":"","_EventStartDate":"","_EventEndDate":"","_EventStartDateUTC":"","_EventEndDateUTC":"","_EventShowMap":false,"_EventShowMapLink":false,"_EventURL":"","_EventCost":"","_EventCostDescription":"","_EventCurrencySymbol":"","_EventCurrencyCode":"","_EventCurrencyPosition":"","_EventDateTimeSeparator":"","_EventTimeRangeSeparator":"","_EventOrganizerID":[],"_EventVenueID":[],"_OrganizerEmail":"","_OrganizerPhone":"","_OrganizerWebsite":"","_VenueAddress":"","_VenueCity":"","_VenueCountry":"","_VenueProvince":"","_VenueState":"","_VenueZip":"","_VenuePhone":"","_VenueURL":"","_VenueStateProvince":"","_VenueLat":"","_VenueLng":"","_VenueShowMap":false,"_VenueShowMapLink":false,"_jetpack_memberships_contains_paid_content":false,"footnotes":""},"categories":[4,3],"tags":[],"class_list":["post-1708","post","type-post","status-publish","format-standard","hentry","category-avvisi","category-news"],"jetpack_featured_media_url":"","jetpack_sharing_enabled":true,"publishpress_future_action":{"enabled":false,"date":"2026-05-05 19:11:26","action":"change-status","newStatus":"draft","terms":[],"taxonomy":"category","extraData":[]},"publishpress_future_workflow_manual_trigger":{"enabledWorkflows":[]},"_links":{"self":[{"href":"https:\/\/parrocchiaaprica.it\/index.php?rest_route=\/wp\/v2\/posts\/1708","targetHints":{"allow":["GET"]}}],"collection":[{"href":"https:\/\/parrocchiaaprica.it\/index.php?rest_route=\/wp\/v2\/posts"}],"about":[{"href":"https:\/\/parrocchiaaprica.it\/index.php?rest_route=\/wp\/v2\/types\/post"}],"author":[{"embeddable":true,"href":"https:\/\/parrocchiaaprica.it\/index.php?rest_route=\/wp\/v2\/users\/1"}],"replies":[{"embeddable":true,"href":"https:\/\/parrocchiaaprica.it\/index.php?rest_route=%2Fwp%2Fv2%2Fcomments&post=1708"}],"version-history":[{"count":3,"href":"https:\/\/parrocchiaaprica.it\/index.php?rest_route=\/wp\/v2\/posts\/1708\/revisions"}],"predecessor-version":[{"id":1718,"href":"https:\/\/parrocchiaaprica.it\/index.php?rest_route=\/wp\/v2\/posts\/1708\/revisions\/1718"}],"wp:attachment":[{"href":"https:\/\/parrocchiaaprica.it\/index.php?rest_route=%2Fwp%2Fv2%2Fmedia&parent=1708"}],"wp:term":[{"taxonomy":"category","embeddable":true,"href":"https:\/\/parrocchiaaprica.it\/index.php?rest_route=%2Fwp%2Fv2%2Fcategories&post=1708"},{"taxonomy":"post_tag","embeddable":true,"href":"https:\/\/parrocchiaaprica.it\/index.php?rest_route=%2Fwp%2Fv2%2Ftags&post=1708"}],"curies":[{"name":"wp","href":"https:\/\/api.w.org\/{rel}","templated":true}]}}