{"id":1575,"date":"2025-06-08T10:35:16","date_gmt":"2025-06-08T10:35:16","guid":{"rendered":"https:\/\/parrocchiaaprica.it\/?p=1575"},"modified":"2025-06-08T10:35:19","modified_gmt":"2025-06-08T10:35:19","slug":"25-anni-fa-il-martirio-di-suor-maria-laura-mainetti","status":"publish","type":"post","link":"https:\/\/parrocchiaaprica.it\/?p=1575","title":{"rendered":"25 anni fa il martirio di suor Maria Laura Mainetti"},"content":{"rendered":"\n<figure class=\"wp-block-image size-full\"><img data-recalc-dims=\"1\" loading=\"lazy\" decoding=\"async\" width=\"960\" height=\"540\" src=\"https:\/\/i0.wp.com\/parrocchiaaprica.it\/wp-content\/uploads\/2025\/06\/image.png?resize=960%2C540&#038;ssl=1\" alt=\"\" class=\"wp-image-1576\" srcset=\"https:\/\/i0.wp.com\/parrocchiaaprica.it\/wp-content\/uploads\/2025\/06\/image.png?w=1024&amp;ssl=1 1024w, https:\/\/i0.wp.com\/parrocchiaaprica.it\/wp-content\/uploads\/2025\/06\/image.png?resize=300%2C169&amp;ssl=1 300w, https:\/\/i0.wp.com\/parrocchiaaprica.it\/wp-content\/uploads\/2025\/06\/image.png?resize=768%2C432&amp;ssl=1 768w\" sizes=\"auto, (max-width: 960px) 100vw, 960px\" \/><\/figure>\n\n\n\n<p class=\"has-text-color has-link-color wp-elements-a64289af0578b2e39367719ff6373724\" style=\"color:#0935d4\"><strong>Venerd\u00ec scorso 6 giugno si \u00e8 ricordato a Chiavenna il 25\u00b0 anniversario del martirio di suor Maria Laura Mainetti, beatificata il 6 giugno 2021.<\/strong>\u00a0In questi giorni si sono svolti diversi momenti di incontro e preghiera per prepararsi alle celebrazioni in ricordo della religiosa delle Figlie della Croce.\u00a0E&#8217; stata celebrata una Santa Messa nella\u00a0<strong>Collegiata di San Lorenzo a Chiavenna (So)<\/strong>, presieduta da\u00a0<strong>monsignor Luciano Capelli<\/strong>, nativo di Tirano, Vescovo emerito di Gizo (Isole Salomon) e\u00a0<strong>animata dalle suore Figlie della Croce<\/strong>;\u00a0mentre alla sera si \u00e8 svolta una veglia di preghiera nella Collegiata presieduta dal<strong> Vescovo di Como, cardinale Oscar Cantoni<\/strong>.<\/p>\n\n\n\n<p class=\"has-black-color has-text-color has-link-color wp-elements-cfc5779ffe819e39a45e2089c1a9444d\">\u00abMi chiedo: che ne \u00e8 di suor Maria Laura a venticinque anni dal suo martirio? Quale messaggio di vita e di speranza essa continua a sviluppare oggi dentro il nostro contesto civile ed ecclesiale, in particolare nel nostro ambiente di vita?\u00bb.\u00a0<strong>Queste le domande poste dal cardinale Cantoni. <\/strong>\u00abPiu che a \u201cpuntare gli occhi\u201d su suor Maria Laura, nel rispetto della sua scelta di essere dimentica di s\u00e9 e interamente protesa verso gli altri, essa ci costringe a\u00a0<strong>\u201cmettere a fuoco\u201d il nostro contesto, in particolare il mondo dei giovani, con le loro ferite e con le loro attese<\/strong>\u00bb.<\/p>\n\n\n\n<p>\u00abDobbiamo guardare alla beata Maria Laura Mainetti come a una testimone di vita\u00bb. Ad affermarlo \u00e8 l\u2019arciprete di Chiavenna,&nbsp;<strong>monsignor Andrea Caelli<\/strong>. Suor Maria Laura \u00ab<strong>\u00e8 un modello per i giovani, ma soprattutto per gli adulti<\/strong>. \u00c8 un esempio per i processi educativi: nell\u2019ascolto, nella prossimit\u00e0, nell\u2019incontro, nella fiducia da dare ai giovani. Pensiamo alla sua capacit\u00e0 di \u201cstare accanto\u201d, senza giudicare. I giovani oggi hanno bisogno di adulti capaci di maternit\u00e0 e paternit\u00e0. Un altro aspetto presente in lei \u00e8 la capacit\u00e0 di dare fiducia, responsabilit\u00e0. Penso che&nbsp;<strong>la beata Maria Laura continui a parlare ai giovani proprio per lo stile e le modalit\u00e0 con cui \u00e8 stata in mezzo a loro<\/strong>\u00bb.<\/p>\n\n\n\n<p>\u00abEra veramente una donna di Dio\u2026 Posso dire di aver imparato a conoscere a fondo suor Maria Laura solo dopo la sua morte e ho avuto la conferma di quanto fosse una persona straordinaria\u00bb. \u00c8 il ricordo commosso di&nbsp;<strong>suor Beniamina Mariani<\/strong>, che della beata Mainetti \u00e8 stata amica fin dai tempi della formazione. \u00c8 stata suor Beniamina a raccogliere gli scritti della suora, tradotti e diffusi in tutto il mondo. \u00abSuor Maria Laura \u2013 aggiunge suor Beniamina \u2013 cominciava ogni giornata davanti al Santissimo, in silenzio, un\u2019ora in preghiera. Sulla porta della chiesa c\u2019era scritto: \u201cEntra per pregare, esci per amare\u201d. Se penso alle giornate vissute con lei, erano piene di attenzioni per tante persone, ma i giovani erano sempre al centro.&nbsp;<strong>I giovani sono spesso i meno compresi, quelli pi\u00f9 in difficolt\u00e0. Hanno bisogno di verit\u00e0, di attenzione. Suor Maria Laura li aveva capiti. E aveva capito che dovevano essere al centro della sua missione<\/strong>\u00bb.<\/p>\n","protected":false},"excerpt":{"rendered":"<p>Venerd\u00ec scorso 6 giugno si \u00e8 ricordato a Chiavenna il 25\u00b0 anniversario del martirio di suor Maria Laura Mainetti, beatificata il 6 giugno 2021.\u00a0In questi giorni si sono svolti diversi momenti di incontro e preghiera per prepararsi alle celebrazioni in ricordo della religiosa delle Figlie della Croce.\u00a0E&#8217; stata celebrata una Santa Messa nella\u00a0Collegiata di San Lorenzo a Chiavenna (So), presieduta da\u00a0monsignor Luciano Capelli, nativo di Tirano, Vescovo emerito di Gizo (Isole Salomon) e\u00a0animata dalle suore Figlie della Croce;\u00a0mentre alla sera si \u00e8 svolta una veglia di preghiera nella Collegiata presieduta dal Vescovo di Como, cardinale Oscar Cantoni. \u00abMi chiedo: che ne \u00e8 di suor Maria Laura a venticinque anni dal suo martirio? Quale messaggio di vita e di speranza essa continua a sviluppare oggi dentro il nostro contesto civile ed ecclesiale, in particolare nel nostro ambiente di vita?\u00bb.\u00a0Queste le domande poste dal cardinale Cantoni. \u00abPiu che a \u201cpuntare gli occhi\u201d su suor Maria Laura, nel rispetto della sua scelta di essere dimentica di s\u00e9 e interamente protesa verso gli altri, essa ci costringe a\u00a0\u201cmettere a fuoco\u201d il nostro contesto, in particolare il mondo dei giovani, con le loro ferite e con le loro attese\u00bb. \u00abDobbiamo guardare alla beata Maria Laura Mainetti come a una testimone di vita\u00bb. Ad affermarlo \u00e8 l\u2019arciprete di Chiavenna,&nbsp;monsignor Andrea Caelli. Suor Maria Laura \u00ab\u00e8 un modello per i giovani, ma soprattutto per gli adulti. \u00c8 un esempio per i processi educativi: nell\u2019ascolto, nella prossimit\u00e0, nell\u2019incontro, nella fiducia da dare ai giovani. Pensiamo alla sua capacit\u00e0 di \u201cstare accanto\u201d, senza giudicare. I giovani oggi hanno bisogno di adulti capaci di maternit\u00e0 e paternit\u00e0. Un altro aspetto presente in lei \u00e8 la capacit\u00e0 di dare fiducia, responsabilit\u00e0. Penso che&nbsp;la beata Maria Laura continui a parlare ai giovani proprio per lo stile e le modalit\u00e0 con cui \u00e8 stata in mezzo a loro\u00bb. \u00abEra veramente una donna di Dio\u2026 Posso dire di aver imparato a conoscere a fondo suor Maria Laura solo dopo la sua morte e ho avuto la conferma di quanto fosse una persona straordinaria\u00bb. \u00c8 il ricordo commosso di&nbsp;suor Beniamina Mariani, che della beata Mainetti \u00e8 stata amica fin dai tempi della formazione. \u00c8 stata suor Beniamina a raccogliere gli scritti della suora, tradotti e diffusi in tutto il mondo. \u00abSuor Maria Laura \u2013 aggiunge suor Beniamina \u2013 cominciava ogni giornata davanti al Santissimo, in silenzio, un\u2019ora in preghiera. Sulla porta della chiesa c\u2019era scritto: \u201cEntra per pregare, esci per amare\u201d. Se penso alle giornate vissute con lei, erano piene di attenzioni per tante persone, ma i giovani erano sempre al centro.&nbsp;I giovani sono spesso i meno compresi, quelli pi\u00f9 in difficolt\u00e0. Hanno bisogno di verit\u00e0, di attenzione. Suor Maria Laura li aveva capiti. E aveva capito che dovevano essere al centro della sua missione\u00bb.<\/p>\n","protected":false},"author":1,"featured_media":0,"comment_status":"closed","ping_status":"closed","sticky":false,"template":"","format":"standard","meta":{"ngg_post_thumbnail":0,"_EventAllDay":false,"_EventTimezone":"","_EventStartDate":"","_EventEndDate":"","_EventStartDateUTC":"","_EventEndDateUTC":"","_EventShowMap":false,"_EventShowMapLink":false,"_EventURL":"","_EventCost":"","_EventCostDescription":"","_EventCurrencySymbol":"","_EventCurrencyCode":"","_EventCurrencyPosition":"","_EventDateTimeSeparator":"","_EventTimeRangeSeparator":"","_EventOrganizerID":[],"_EventVenueID":[],"_OrganizerEmail":"","_OrganizerPhone":"","_OrganizerWebsite":"","_VenueAddress":"","_VenueCity":"","_VenueCountry":"","_VenueProvince":"","_VenueState":"","_VenueZip":"","_VenuePhone":"","_VenueURL":"","_VenueStateProvince":"","_VenueLat":"","_VenueLng":"","_VenueShowMap":false,"_VenueShowMapLink":false,"_jetpack_memberships_contains_paid_content":false,"footnotes":""},"categories":[3],"tags":[],"class_list":["post-1575","post","type-post","status-publish","format-standard","hentry","category-news"],"jetpack_featured_media_url":"","jetpack_sharing_enabled":true,"publishpress_future_action":{"enabled":false,"date":"2026-05-06 22:09:19","action":"change-status","newStatus":"draft","terms":[],"taxonomy":"category","extraData":[]},"publishpress_future_workflow_manual_trigger":{"enabledWorkflows":[]},"_links":{"self":[{"href":"https:\/\/parrocchiaaprica.it\/index.php?rest_route=\/wp\/v2\/posts\/1575","targetHints":{"allow":["GET"]}}],"collection":[{"href":"https:\/\/parrocchiaaprica.it\/index.php?rest_route=\/wp\/v2\/posts"}],"about":[{"href":"https:\/\/parrocchiaaprica.it\/index.php?rest_route=\/wp\/v2\/types\/post"}],"author":[{"embeddable":true,"href":"https:\/\/parrocchiaaprica.it\/index.php?rest_route=\/wp\/v2\/users\/1"}],"replies":[{"embeddable":true,"href":"https:\/\/parrocchiaaprica.it\/index.php?rest_route=%2Fwp%2Fv2%2Fcomments&post=1575"}],"version-history":[{"count":1,"href":"https:\/\/parrocchiaaprica.it\/index.php?rest_route=\/wp\/v2\/posts\/1575\/revisions"}],"predecessor-version":[{"id":1577,"href":"https:\/\/parrocchiaaprica.it\/index.php?rest_route=\/wp\/v2\/posts\/1575\/revisions\/1577"}],"wp:attachment":[{"href":"https:\/\/parrocchiaaprica.it\/index.php?rest_route=%2Fwp%2Fv2%2Fmedia&parent=1575"}],"wp:term":[{"taxonomy":"category","embeddable":true,"href":"https:\/\/parrocchiaaprica.it\/index.php?rest_route=%2Fwp%2Fv2%2Fcategories&post=1575"},{"taxonomy":"post_tag","embeddable":true,"href":"https:\/\/parrocchiaaprica.it\/index.php?rest_route=%2Fwp%2Fv2%2Ftags&post=1575"}],"curies":[{"name":"wp","href":"https:\/\/api.w.org\/{rel}","templated":true}]}}