{"id":1524,"date":"2025-05-02T15:47:29","date_gmt":"2025-05-02T15:47:29","guid":{"rendered":"https:\/\/parrocchiaaprica.it\/?p=1524"},"modified":"2025-05-02T15:52:36","modified_gmt":"2025-05-02T15:52:36","slug":"il-vescovo-oscar-scrive-alla-diocesi","status":"publish","type":"post","link":"https:\/\/parrocchiaaprica.it\/?p=1524","title":{"rendered":"Il Vescovo Oscar scrive alla Diocesi"},"content":{"rendered":"\n<figure class=\"wp-block-embed is-type-video is-provider-youtube wp-block-embed-youtube wp-embed-aspect-16-9 wp-has-aspect-ratio\"><div class=\"wp-block-embed__wrapper\">\n<iframe loading=\"lazy\" title=\"Il Vescovo Oscar scrive alla Diocesi\" width=\"960\" height=\"540\" src=\"https:\/\/www.youtube.com\/embed\/doPLz_KvM3E?feature=oembed\" frameborder=\"0\" allow=\"accelerometer; autoplay; clipboard-write; encrypted-media; gyroscope; picture-in-picture; web-share\" referrerpolicy=\"strict-origin-when-cross-origin\" allowfullscreen><\/iframe>\n<\/div><\/figure>\n\n\n\n<p><p>Cari fratelli e sorelle, membri del popolo di Dio che \u00e8 in Como,<\/p><\/p>\n\n\n\n<p><p>da alcuni giorni, come sapete, sono a Roma, prima per i funerali di papa Francesco e ora coinvolto con i cardinali di tutto il mondo nel pre-conclave: una esperienza unica e irripetibile, anche se piuttosto complessa. Vorrei confidarvi quanto profondo e intenso sia il legame che avverto tra noi, cristiani della nostra Chiesa, compresi tanti uomini e donne di buona volont\u00e0, come pure con i membri della Chiesa diffusa su tutta la terra. \u00c8 una esperienza fortissima di comunione, perch\u00e9 da ogni parte della Chiesa sale incessante a Dio un\u2019unica e compatta preghiera.\u00a0<em>\u201cDonaci, Signore, un nuovo Pastore secondo il tuo cuore\u201d.<\/em><\/p><\/p>\n\n\n<div class=\"wp-block-image\">\n<figure class=\"aligncenter\"><img data-recalc-dims=\"1\" decoding=\"async\" src=\"https:\/\/i0.wp.com\/www.settimanalediocesidicomo.it\/wp-content\/uploads\/2025\/04\/cardinali.png?w=960&#038;ssl=1\" alt=\"\" class=\"wp-image-30470\"\/><\/figure>\n<\/div>\n\n\n<p>Cos\u00ec ho avvertito la necessit\u00e0 di assicurare questa speciale vicinanza con tutti voi, membri della Chiesa di Como, che sicuramente pregate e vivete questo particolare momento con speciale intensit\u00e0, visto che il vostro Vescovo \u00e8 chiamato, per un misterioso disegno divino, a vivere questa esperienza unica: cio\u00e8 di essere interprete della volont\u00e0 di Dio, cos\u00ec da giungere, insieme a tutto il Collegio cardinalizio, ad individuare colui che il Signore Ges\u00f9 ha gi\u00e0 scelto e che deve essere solo riconosciuto.<\/p>\n\n\n\n<p>Vi ringrazio delle vostre preghiere, dei messaggi brevi, ma particolarmente eloquenti, di quanti mi hanno inviato indirizzi di preghiera molto significativi. \u00c8 infatti lo Spirito Santo che va invocato con forza, insieme a tanta fiducia, perch\u00e9 \u00e8 Lui il grande protagonista.<\/p>\n\n\n\n<p>Ci illumini gli occhi della nostra mente perch\u00e9 attraverso il nuovo pontefice, la Chiesa sia di nuovo dotata di un pastore che annunci Cristo signore come unico salvatore e la guidi ad essere testimone della sua misericordia nei confronti delle persone e dei popoli, promuovendo la pace e giustizia. Lo faccia attraverso quel linguaggio semplice e familiare di papa Francesco, che ha conquistato il cuore di tantissima gente, presentando una Chiesa povera, sobria e sorridente, a immagine di Colui che l\u2019ha fondata.<\/p>\n\n\n\n<p>Saluto con affetto ciascuno di voi, benedico le nostre famiglie, e la famiglia delle famiglie, che sono le nostre Comunit\u00e0 parrocchiali, con tutti i nostri amati pastori.<\/p>\n\n\n\n<p>Citt\u00e0 del Vaticano, 1 maggio 2025<\/p>\n\n\n\n<p><strong><em>Oscar card. CANTONI<\/em><\/strong><\/p>\n\n\n\n<p><strong><em>Vescovo di Como<\/em><\/strong><\/p>\n","protected":false},"excerpt":{"rendered":"<p>Cari fratelli e sorelle, membri del popolo di Dio che \u00e8 in Como, da alcuni giorni, come sapete, sono a Roma, prima per i funerali di papa Francesco e ora coinvolto con i cardinali di tutto il mondo nel pre-conclave: una esperienza unica e irripetibile, anche se piuttosto complessa. Vorrei confidarvi quanto profondo e intenso sia il legame che avverto tra noi, cristiani della nostra Chiesa, compresi tanti uomini e donne di buona volont\u00e0, come pure con i membri della Chiesa diffusa su tutta la terra. \u00c8 una esperienza fortissima di comunione, perch\u00e9 da ogni parte della Chiesa sale incessante a Dio un\u2019unica e compatta preghiera.\u00a0\u201cDonaci, Signore, un nuovo Pastore secondo il tuo cuore\u201d. Cos\u00ec ho avvertito la necessit\u00e0 di assicurare questa speciale vicinanza con tutti voi, membri della Chiesa di Como, che sicuramente pregate e vivete questo particolare momento con speciale intensit\u00e0, visto che il vostro Vescovo \u00e8 chiamato, per un misterioso disegno divino, a vivere questa esperienza unica: cio\u00e8 di essere interprete della volont\u00e0 di Dio, cos\u00ec da giungere, insieme a tutto il Collegio cardinalizio, ad individuare colui che il Signore Ges\u00f9 ha gi\u00e0 scelto e che deve essere solo riconosciuto. Vi ringrazio delle vostre preghiere, dei messaggi brevi, ma particolarmente eloquenti, di quanti mi hanno inviato indirizzi di preghiera molto significativi. \u00c8 infatti lo Spirito Santo che va invocato con forza, insieme a tanta fiducia, perch\u00e9 \u00e8 Lui il grande protagonista. Ci illumini gli occhi della nostra mente perch\u00e9 attraverso il nuovo pontefice, la Chiesa sia di nuovo dotata di un pastore che annunci Cristo signore come unico salvatore e la guidi ad essere testimone della sua misericordia nei confronti delle persone e dei popoli, promuovendo la pace e giustizia. Lo faccia attraverso quel linguaggio semplice e familiare di papa Francesco, che ha conquistato il cuore di tantissima gente, presentando una Chiesa povera, sobria e sorridente, a immagine di Colui che l\u2019ha fondata. Saluto con affetto ciascuno di voi, benedico le nostre famiglie, e la famiglia delle famiglie, che sono le nostre Comunit\u00e0 parrocchiali, con tutti i nostri amati pastori. Citt\u00e0 del Vaticano, 1 maggio 2025 Oscar card. CANTONI Vescovo di Como<\/p>\n","protected":false},"author":1,"featured_media":0,"comment_status":"closed","ping_status":"closed","sticky":false,"template":"","format":"standard","meta":{"ngg_post_thumbnail":0,"_EventAllDay":false,"_EventTimezone":"","_EventStartDate":"","_EventEndDate":"","_EventStartDateUTC":"","_EventEndDateUTC":"","_EventShowMap":false,"_EventShowMapLink":false,"_EventURL":"","_EventCost":"","_EventCostDescription":"","_EventCurrencySymbol":"","_EventCurrencyCode":"","_EventCurrencyPosition":"","_EventDateTimeSeparator":"","_EventTimeRangeSeparator":"","_EventOrganizerID":[],"_EventVenueID":[],"_OrganizerEmail":"","_OrganizerPhone":"","_OrganizerWebsite":"","_VenueAddress":"","_VenueCity":"","_VenueCountry":"","_VenueProvince":"","_VenueState":"","_VenueZip":"","_VenuePhone":"","_VenueURL":"","_VenueStateProvince":"","_VenueLat":"","_VenueLng":"","_VenueShowMap":false,"_VenueShowMapLink":false,"_jetpack_memberships_contains_paid_content":false,"footnotes":""},"categories":[3],"tags":[],"class_list":["post-1524","post","type-post","status-publish","format-standard","hentry","category-news"],"jetpack_featured_media_url":"","jetpack_sharing_enabled":true,"publishpress_future_action":{"enabled":false,"date":"2026-05-06 18:25:23","action":"change-status","newStatus":"draft","terms":[],"taxonomy":"category","extraData":[]},"publishpress_future_workflow_manual_trigger":{"enabledWorkflows":[]},"_links":{"self":[{"href":"https:\/\/parrocchiaaprica.it\/index.php?rest_route=\/wp\/v2\/posts\/1524","targetHints":{"allow":["GET"]}}],"collection":[{"href":"https:\/\/parrocchiaaprica.it\/index.php?rest_route=\/wp\/v2\/posts"}],"about":[{"href":"https:\/\/parrocchiaaprica.it\/index.php?rest_route=\/wp\/v2\/types\/post"}],"author":[{"embeddable":true,"href":"https:\/\/parrocchiaaprica.it\/index.php?rest_route=\/wp\/v2\/users\/1"}],"replies":[{"embeddable":true,"href":"https:\/\/parrocchiaaprica.it\/index.php?rest_route=%2Fwp%2Fv2%2Fcomments&post=1524"}],"version-history":[{"count":3,"href":"https:\/\/parrocchiaaprica.it\/index.php?rest_route=\/wp\/v2\/posts\/1524\/revisions"}],"predecessor-version":[{"id":1529,"href":"https:\/\/parrocchiaaprica.it\/index.php?rest_route=\/wp\/v2\/posts\/1524\/revisions\/1529"}],"wp:attachment":[{"href":"https:\/\/parrocchiaaprica.it\/index.php?rest_route=%2Fwp%2Fv2%2Fmedia&parent=1524"}],"wp:term":[{"taxonomy":"category","embeddable":true,"href":"https:\/\/parrocchiaaprica.it\/index.php?rest_route=%2Fwp%2Fv2%2Fcategories&post=1524"},{"taxonomy":"post_tag","embeddable":true,"href":"https:\/\/parrocchiaaprica.it\/index.php?rest_route=%2Fwp%2Fv2%2Ftags&post=1524"}],"curies":[{"name":"wp","href":"https:\/\/api.w.org\/{rel}","templated":true}]}}